{"id":5649,"date":"2015-10-11T15:36:37","date_gmt":"2015-10-11T12:36:37","guid":{"rendered":"http:\/\/www.demok.org\/?p=5649"},"modified":"2015-10-11T15:36:37","modified_gmt":"2015-10-11T12:36:37","slug":"hayatini-kaybeden-ve-yaralanan-uyelerimiz-ve-tcdd-personeli","status":"publish","type":"post","link":"https:\/\/demok.org\/index.php\/2015\/10\/11\/hayatini-kaybeden-ve-yaralanan-uyelerimiz-ve-tcdd-personeli\/","title":{"rendered":"Hayat\u0131n\u0131 Kaybeden ve Yaralanan \u00dcyelerimiz ve TCDD Personeli"},"content":{"rendered":"\n<p>10 Ekim 2015 Cumartesi g\u00fcn\u00fc Emek Bar\u0131\u015f ve Demokrasi Mitingi \u2019ne kat\u0131lmak \u00fczere Talatpa\u015fa Bulvar\u0131 \u00fczerinde Gar \u00f6n\u00fcndeki meydanda toplanan gruplar\u0131n aras\u0131nda saat 10.05 s\u0131ralar\u0131nda patlat\u0131lan bomba nedeniyle i\u00e7lerinde mezunlar\u0131m\u0131z ve TCDD personelinin de bulundu\u011fu 95 vatanda\u015f\u0131m\u0131z hayat\u0131n\u0131 kaybetmi\u015f, \u00e7ok say\u0131da vatanda\u015f\u0131m\u0131z yaralanm\u0131\u015ft\u0131r. T\u00fcm vatanda\u015flar\u0131m\u0131z\u0131n y\u00fcre\u011fini yakan, y\u00fczlerce hayat\u0131 yar\u0131m b\u0131rakan menfur sald\u0131r\u0131y\u0131, sald\u0131r\u0131y\u0131 yapanlar\u0131, sald\u0131r\u0131dan nemalananlar\u0131 lanetliyoruz. Faillerinin bir an \u00f6nce yakalanarak hak ettikleri cezaya kavu\u015fmalar\u0131n\u0131 bekliyoruz.<\/p>\n\n\n\n<p>10 Ekim 2015 tarihinde Ankara\u2019da meydana gelen patlamada mezunlar\u0131m\u0131zdan;<\/p>\n\n\n\n<p>1984 Mezunu Kas\u0131m OTUR, 1989 Mezunu Bilgen PARLAK, 1989 Mezunu Nevzat SAYAN, 1995 Mezunu R\u0131dvan AKG\u00dcL, 1998 Mezunu Y\u0131lmaz ELMASCAN ve E\u015fi,<\/p>\n\n\n\n<p>TCDD \u00c7al\u0131\u015fanlar\u0131ndan Hac\u0131 KIVRAK, \u0130brahim ATILGAN ve O\u011flu, Ali KITAP\u00c7I, Fevzi SERT, \u0130dil G\u00dcNEY\u0130 vefat etmi\u015fledir.<\/p>\n\n\n\n<p>Mezunlar\u0131m\u0131zdan,<\/p>\n\n\n\n<p>1984 Mezunu Kas\u0131m OTUR Bug\u00fcn 11.10.215 tarihinde Malatya\u2019da \u00d6\u011fle Namaz\u0131 sonras\u0131 defnedilmi\u015ftir.<\/p>\n\n\n\n<p>1989 Mezunu Bilgen PARLAK Bug\u00fcn 11.10.2015 tarihinde Ad\u0131yaman Kahta\u2019da \u0130kindi namaz\u0131 sonras\u0131 defnedilmi\u015ftir.\u0130leti\u015fim 05074439093<\/p>\n\n\n\n<p>1995 Mezunu R\u0131dvan AKG\u00dcL Bug\u00fcn 11.10.2015 tarihinde Siirt\u2019te ikindi namaz\u0131 sonras\u0131 defnedilmi\u015ftir.\u0130leti\u015fim 05057752359<\/p>\n\n\n\n<p>1989 Mezunu Nevzat SAYAN Yar\u0131n 12.10.2015 tarihinde Karaman K\u0131r Mah. B\u00fcy\u00fck camiinden \u00d6\u011fle namaz\u0131 sonras\u0131 defnedilecektir.\u0130leti\u015fim 05053594676, 05303949827<\/p>\n\n\n\n<p>1998 Mezunu Y\u0131lmaz ELMASCAN Yar\u0131n 12.10.2015 tarihinde \u015eanl\u0131urfa Suru\u00e7\u2019ta sabah defnedilecektir.\u0130leti\u015fim 05426802626, E\u015fi G\u00fclhan ELMASCAN Yar\u0131n 12.10.2015 tarihinde Konya Ere\u011fli\u2019de Sabah defnedilecektir.\u0130leti\u015fim 05052582127<\/p>\n\n\n\n<p>TCDD \u00c7al\u0131\u015fanlar\u0131ndan;<\/p>\n\n\n\n<p>Ankara Tren \u015fefi Hac\u0131 KIVRAK Bug\u00fcn 11.10.2015 tarihinde Yozgat Ayd\u0131nc\u0131k\u2019ta \u0130kindi namaz\u0131 sonras\u0131 defnedilmi\u015ftir.<\/p>\n\n\n\n<p>\u0130skenderun TTM Fevzi SERT Bug\u00fcn 11.10.2015 tarihinde Adana Kozan\u2019da \u00d6\u011fle namaz\u0131 sonras\u0131 defnedilmi\u015ftir.<\/p>\n\n\n\n<p>DE\u00c7EV Genel Sekreteri \u0130brahim ATILGAN ve O\u011flu Veysel ATILGAN Yar\u0131n 12.10.2015 tarihinde Batman\u2019da defnedilecektir.<\/p>\n\n\n\n<p>TCDD Genel M\u00fcd\u00fcrl\u00fck Personellerinden Ali K\u0130TAP\u00c7I ve \u0130dil G\u00dcNEY\u0130 Yar\u0131n 12.10.2015 tarihinde BTS Ankara \u015eubesi&nbsp;\u00f6n\u00fcnde saat 10:30&nbsp;&nbsp;da d\u00fczenlenecek t\u00f6renin ard\u0131ndan Ankara Kar\u015f\u0131yaka Mezarl\u0131\u011f\u0131nda \u00d6\u011fle Namaz\u0131 sonras\u0131 defnedilecektir.&nbsp;&nbsp;<\/p>\n\n\n\n<p>Merhumlara Allah\u2019tan rahmet, Milletimize, camiam\u0131za, kederli ailelerine ve yak\u0131nlar\u0131na ba\u015fsa\u011fl\u0131\u011f\u0131 dileriz.<\/p>\n\n\n\n<p>Yaral\u0131 Olarak Hastanelerde bulunan Mezunlar\u0131m\u0131z.<\/p>\n\n\n\n<p>1985 Mezunu Hasan AKDEM\u0130R Ankara D\u0131\u015fkap\u0131 SSK Hastanesinde Ortopedi Servisinde 233 Nolu Odada tedavi g\u00f6rmektedir. \u0130ki aya\u011f\u0131nda k\u0131r\u0131klar olan Hasan AKDEM\u0130R\u2019in hayati tehlikesi bulunmamaktad\u0131r.<\/p>\n\n\n\n<p>1987 Mezunu Tongu\u00e7 \u00d6ZKAN Ankara Hacettepe Hastanesi 7.Blok Kalp Damar Cerrahisi Yo\u011fun Bak\u0131m\u0131nda Tedavi g\u00f6rmektedir. Hadise sonras\u0131 hastanede uyutularak tedavi alt\u0131na al\u0131nm\u0131\u015ft\u0131r. Bug\u00fcn uyand\u0131r\u0131lm\u0131\u015ft\u0131r. Bilinci a\u00e7\u0131kt\u0131r enfeksiyon riskine kar\u015f\u0131 yo\u011fun bak\u0131mda tutulmaktad\u0131r. Yar\u0131n 12.10.2015 tarihinde servise \u00e7\u0131kar\u0131larak tedavisi devam edecektir. Hayati tehlikeyi atlatm\u0131\u015ft\u0131r.<\/p>\n\n\n\n<p>1989 Mezunu Yunus AKIL Ankara G\u00fcven Hastanesinde serviste tedavi g\u00f6rmektedir. Bulundu\u011fu katta Onkoloji hastalar\u0131 oldu\u011fundan enfeksiyon riskine kar\u015f\u0131 ziyaret s\u0131n\u0131rl\u0131d\u0131r. Aya\u011f\u0131ndan yaral\u0131 olup hayati tehlikesi yoktur.<\/p>\n\n\n\n<p>1995 Mezunu U\u011fur YAMAN Ankara G\u00fcven Hastanesinde serviste tedavi g\u00f6rmektedir. Bulundu\u011fu katta Onkoloji hastalar\u0131 oldu\u011fundan enfeksiyon riskine kar\u015f\u0131 ziyaret s\u0131n\u0131rl\u0131d\u0131r. Aya\u011f\u0131ndan yaral\u0131 olup hayati tehlikesi yoktur.<\/p>\n\n\n\n<p>1980 Mezunu Yavuz DEM\u0130RKOL Ankara Ba\u015fkent Hastanesinde yo\u011fun bak\u0131mda tedavi g\u00f6rmektedir. Kal\u00e7as\u0131na isabet eden par\u00e7alardan dolay\u0131 tedavi g\u00f6rmektedir, hayati tehlikesi olmay\u0131p enfeksiyon riskine kar\u015f\u0131 yo\u011fun bak\u0131mda tutulmaktad\u0131r.Yar\u0131n 12.10.2015 tarihinde ikinci ameliyat\u0131 olacakt\u0131r.<\/p>\n\n\n\n<p>Yaral\u0131 arkada\u015flar\u0131m\u0131z\u0131n Doktorlar\u0131 ve aileleriyle yapt\u0131\u011f\u0131m\u0131z g\u00f6r\u00fc\u015fmelerde hayati tehlikelerinin bulunmad\u0131\u011f\u0131 bilgisi al\u0131nm\u0131\u015ft\u0131r.<\/p>\n\n\n\n<p>Yaral\u0131lar\u0131m\u0131za acil \u015fifalar ve ge\u00e7mi\u015f olsun dileklerimizi sunar\u0131z.<\/p>\n\n\n\n<p>&nbsp;DEMOK Y\u00d6NET\u0130M KURULU<\/p>\n","protected":false},"excerpt":{"rendered":"<p>10 Ekim 2015 Cumartesi g\u00fcn\u00fc Emek Bar\u0131\u015f ve Demokrasi Mitingi \u2019ne kat\u0131lmak \u00fczere Talatpa\u015fa Bulvar\u0131 \u00fczerinde Gar \u00f6n\u00fcndeki meydanda toplanan<\/p>\n","protected":false},"author":2,"featured_media":5634,"comment_status":"open","ping_status":"open","sticky":false,"template":"","format":"standard","meta":{"_eb_attr":"","ngg_post_thumbnail":0,"footnotes":""},"categories":[35,32],"tags":[],"class_list":["post-5649","post","type-post","status-publish","format-standard","has-post-thumbnail","hentry","category-genelmerkez","category-guncel"],"magazineBlocksPostFeaturedMedia":{"thumbnail":"https:\/\/demok.org\/wp-content\/uploads\/2020\/03\/siyah-kurdele-150x150.jpg","medium":"https:\/\/demok.org\/wp-content\/uploads\/2020\/03\/siyah-kurdele-300x169.jpg","medium_large":"https:\/\/demok.org\/wp-content\/uploads\/2020\/03\/siyah-kurdele.jpg","large":"https:\/\/demok.org\/wp-content\/uploads\/2020\/03\/siyah-kurdele.jpg","1536x1536":"https:\/\/demok.org\/wp-content\/uploads\/2020\/03\/siyah-kurdele.jpg","2048x2048":"https:\/\/demok.org\/wp-content\/uploads\/2020\/03\/siyah-kurdele.jpg","colormag-highlighted-post":"https:\/\/demok.org\/wp-content\/uploads\/2020\/03\/siyah-kurdele-392x272.jpg","colormag-featured-post-medium":"https:\/\/demok.org\/wp-content\/uploads\/2020\/03\/siyah-kurdele-390x205.jpg","colormag-featured-post-small":"https:\/\/demok.org\/wp-content\/uploads\/2020\/03\/siyah-kurdele-130x90.jpg","colormag-featured-image":"https:\/\/demok.org\/wp-content\/uploads\/2020\/03\/siyah-kurdele.jpg","colormag-default-news":"https:\/\/demok.org\/wp-content\/uploads\/2020\/03\/siyah-kurdele-150x150.jpg","colormag-featured-image-large":"https:\/\/demok.org\/wp-content\/uploads\/2020\/03\/siyah-kurdele.jpg"},"magazineBlocksPostAuthor":{"name":"emrekurt","avatar":"https:\/\/secure.gravatar.com\/avatar\/b5d76b0c442a766da6f628967390b1610913af44d5d0de09c7789d44b6213d59?s=96&d=mm&r=g"},"magazineBlocksPostCommentsNumber":"0","magazineBlocksPostExcerpt":"10 Ekim 2015 Cumartesi g\u00fcn\u00fc Emek Bar\u0131\u015f ve Demokrasi Mitingi \u2019ne kat\u0131lmak \u00fczere Talatpa\u015fa Bulvar\u0131 \u00fczerinde Gar \u00f6n\u00fcndeki meydanda toplanan","magazineBlocksPostCategories":["Genel Merkez","G\u00fcncel"],"magazineBlocksPostViewCount":64,"magazineBlocksPostReadTime":4,"magazine_blocks_featured_image_url":{"full":["https:\/\/demok.org\/wp-content\/uploads\/2020\/03\/siyah-kurdele.jpg",658,370,false],"medium":["https:\/\/demok.org\/wp-content\/uploads\/2020\/03\/siyah-kurdele-300x169.jpg",300,169,true],"thumbnail":["https:\/\/demok.org\/wp-content\/uploads\/2020\/03\/siyah-kurdele-150x150.jpg",150,150,true]},"magazine_blocks_author":{"display_name":"emrekurt","author_link":"https:\/\/demok.org\/index.php\/author\/emrekurt\/"},"magazine_blocks_comment":0,"magazine_blocks_author_image":"https:\/\/secure.gravatar.com\/avatar\/b5d76b0c442a766da6f628967390b1610913af44d5d0de09c7789d44b6213d59?s=96&d=mm&r=g","magazine_blocks_category":"<a href=\"#\" class=\"category-link category-link-35\">Genel Merkez<\/a> <a href=\"#\" class=\"category-link category-link-32\">G\u00fcncel<\/a>","_links":{"self":[{"href":"https:\/\/demok.org\/index.php\/wp-json\/wp\/v2\/posts\/5649","targetHints":{"allow":["GET"]}}],"collection":[{"href":"https:\/\/demok.org\/index.php\/wp-json\/wp\/v2\/posts"}],"about":[{"href":"https:\/\/demok.org\/index.php\/wp-json\/wp\/v2\/types\/post"}],"author":[{"embeddable":true,"href":"https:\/\/demok.org\/index.php\/wp-json\/wp\/v2\/users\/2"}],"replies":[{"embeddable":true,"href":"https:\/\/demok.org\/index.php\/wp-json\/wp\/v2\/comments?post=5649"}],"version-history":[{"count":0,"href":"https:\/\/demok.org\/index.php\/wp-json\/wp\/v2\/posts\/5649\/revisions"}],"wp:featuredmedia":[{"embeddable":true,"href":"https:\/\/demok.org\/index.php\/wp-json\/wp\/v2\/media\/5634"}],"wp:attachment":[{"href":"https:\/\/demok.org\/index.php\/wp-json\/wp\/v2\/media?parent=5649"}],"wp:term":[{"taxonomy":"category","embeddable":true,"href":"https:\/\/demok.org\/index.php\/wp-json\/wp\/v2\/categories?post=5649"},{"taxonomy":"post_tag","embeddable":true,"href":"https:\/\/demok.org\/index.php\/wp-json\/wp\/v2\/tags?post=5649"}],"curies":[{"name":"wp","href":"https:\/\/api.w.org\/{rel}","templated":true}]}}