{"id":5680,"date":"2017-11-11T15:50:35","date_gmt":"2017-11-11T12:50:35","guid":{"rendered":"http:\/\/www.demok.org\/?p=5680"},"modified":"2017-11-11T15:50:35","modified_gmt":"2017-11-11T12:50:35","slug":"demoksan-13-olagan-genel-kurulu-gerceklesti","status":"publish","type":"post","link":"https:\/\/demok.org\/index.php\/2017\/11\/11\/demoksan-13-olagan-genel-kurulu-gerceklesti\/","title":{"rendered":"DEMOKSAN 13.OLA\u011eAN GENEL KURULU GER\u00c7EKLE\u015eT\u0130\u2026"},"content":{"rendered":"<p>Demiryol Meslek Okulu Mezunlar\u0131 Derne\u011fi Yard\u0131mla\u015fma Sand\u0131\u011f\u0131\u2019n\u0131n 13.Ola\u011fan Genel Kurulu 21.10.2017 tarihinde The Ankara Hotel\u2019 de ger\u00e7ekle\u015ftirildi.<\/p>\n<p>Divan Ba\u015fkanl\u0131\u011f\u0131n\u0131 \u015eaban ADIG\u00dcZEL\u2019in, &nbsp;Divan Katipliklerini Mesut D\u00d6NMEZ ve Abdullah YILDIRIM\u2019\u0131n yapt\u0131\u011f\u0131 Divan Heyeti taraf\u0131ndan y\u00f6netilen ve ba\u015f\u0131ndan sonuna kadar dostluk ve karde\u015flik havas\u0131nda ge\u00e7en Genel kurulda;<\/p>\n<p>DEMOKSAN Ba\u015fkan\u0131 Talip \u00dcNAL\u2019\u0131n sevgi, sayg\u0131, birlik, yard\u0131mla\u015fma ve beraberlik mesajlar\u0131 ile&nbsp;Demoksan\u2019 \u0131n yap\u0131s\u0131, i\u015fleyi\u015fi ve son gelinen nokta hakk\u0131nda bilgiler verdi\u011fi a\u00e7\u0131l\u0131\u015f&nbsp;konu\u015fmas\u0131n\u0131n ard\u0131ndan,<\/p>\n<p>Demiryol Meslek Okulu Mezunlar\u0131 Derne\u011fi Genel Ba\u015fkan\u0131 Alpaslan TAYLAN taraf\u0131ndan, yard\u0131mla\u015fma ve dayan\u0131\u015fmada DEMOKSAN\u2019\u0131n \u00f6nemi vurgulanm\u0131\u015f, sand\u0131k faaliyetlerinin daha \u00fcst seviyeye \u00e7\u0131karabilmesinin sand\u0131k \u00fcye say\u0131s\u0131n\u0131n art\u0131r\u0131lmas\u0131 ile olaca\u011f\u0131 ve sand\u0131\u011fa \u00fcye olmayan Dernek \u00fcyelerinin DEMOKSAN\u2019ada \u00fcye olmas\u0131n\u0131n gereklili\u011fi anlat\u0131lm\u0131\u015ft\u0131r.&nbsp;3 sene i\u00e7erisinde Dernek ve Demoksan\u0131n uyum i\u00e7erisinde \u00e7al\u0131\u015ft\u0131\u011f\u0131n\u0131 belirtmi\u015f, yeni Y\u00f6netim kuruluna \u00e7al\u0131\u015fmalar\u0131 ve katk\u0131lar\u0131ndan \u00f6t\u00fcr\u00fc te\u015fekk\u00fcr ederek gelecek d\u00f6nem i\u00e7in ba\u015far\u0131 temennilerinde bulunmu\u015ftur.<\/p>\n<p>2014 \u2013 2017 Y\u0131llar\u0131 aras\u0131na ait Y\u00f6netim ve Denetim Kurulu faaliyet raporlar\u0131n\u0131n okunmas\u0131 ile ibras\u0131n\u0131n ard\u0131ndan, Kas\u0131m 2017 \u2013 2020 y\u0131llar\u0131n\u0131 kapsayan 3 y\u0131ll\u0131k tahmini b\u00fct\u00e7e \u00fczerinde oybirli\u011fince mutabakata var\u0131lm\u0131\u015ft\u0131r. Kas\u0131m 2017 tarihinden ge\u00e7erli olmak \u00fczere yeni aidat; \u00dcye gideri&nbsp;5.00 TL, Fon aidat\u0131 170.00 TL olmak \u00fczere 175.00 TL olarak belirlenmi\u015ftir.<\/p>\n<p>G\u00fcndemin, Y\u00f6nerge de\u011fi\u015fikliklerinin g\u00f6r\u00fc\u015f\u00fclmesi ve oylanmas\u0131 olan 7.Maddesinde, \u201cDemiryol Meslek Okulu Mezunlar\u0131 Derne\u011fi Yard\u0131mla\u015fma Sand\u0131\u011f\u0131 Y\u00f6nergesi\u201d nin 40.Maddesi (r), (s) ve (ab) f\u0131kralar\u0131ndaki yap\u0131lacak de\u011fi\u015fiklikler genel kurula sunulmu\u015f, de\u011fi\u015fiklikler oybirli\u011fi ile kabul edilerek ilgili maddeler a\u015fa\u011f\u0131daki \u015fekilde de\u011fi\u015ftirilmi\u015ftir.<\/p>\n<p>\u201cMadde:40 \u2013 Biriktirme, Kredi (Bor\u00e7 Para Verme) Ve Yard\u0131m Fonu\u201d<\/p>\n<p>\u201cr) Sermayenin %50\u2019si normal krediler ile yard\u0131m fonundan yap\u0131lacak \u00f6demeler i\u00e7in kullan\u0131l\u0131r. Geriye kalan, %50\u2019lik miktar ile de \u00fcyelerin iste\u011fe ba\u011fl\u0131,&nbsp; Gayrimenkul, Evlenme, Ara\u00e7,&nbsp;<strong>E\u011fitim&nbsp;<\/strong>ve Bedelli Askerlik ikraz talepleri kar\u015f\u0131lan\u0131r. Ancak, iste\u011fe ba\u011fl\u0131, Gayrimenkul, Evlenme, Ara\u00e7,&nbsp;<strong>E\u011fitim&nbsp;<\/strong>ve Bedelli Askerlik ikrazlar\u0131n\u0131n kar\u015f\u0131lanma miktar\u0131 gerekli talebin olmas\u0131 ve mali kaynaklar\u0131n yeterli olmas\u0131 halinde Mali Sekreterin \u00f6nerisi \u00fczerine Y\u00f6netim Kurulunca %75\u2019e kadar \u00e7\u0131kar\u0131labilir. Artan k\u0131s\u0131mlar bankalarda tutulur.\u201d<\/p>\n<p>\u201cs) \u0130kraz borcu olmamas\u0131 veya ikraz borcunu defaten \u00f6demesi \u015fart\u0131yla \u00fcyenin talebi halinde Gayrimenkul, Evlenme, Ara\u00e7,&nbsp;<strong>E\u011fitim<\/strong>&nbsp;ve Bedelli Askerlik ikraz\u0131 \u00f6denir. Ancak \u00fcyenin&nbsp;<strong>kendisi,<\/strong>&nbsp;<strong>e\u015fi veya \u00e7ocuklar\u0131 ad\u0131na olmak kayd\u0131yla<\/strong>Gayrimenkul alma, Evlenme, Ara\u00e7 alma,&nbsp;<strong>E\u011fitim<\/strong>&nbsp;ve Bedelli Askerlik m\u00fcracaatlar\u0131 durumlar\u0131n\u0131 belgelemesi \u015fart\u0131 ile ikraz talebi kar\u015f\u0131lan\u0131r. Bu ikraz, i\u015flemin ger\u00e7ekle\u015fti\u011fi tarihten itibaren 12 ay i\u00e7inde ba\u015fvurulmas\u0131 halinde kulland\u0131r\u0131l\u0131r. Bu kredi talepleri iste\u011fe ba\u011fl\u0131 kredi talepleri ile birlikte de\u011ferlendirilir. Ba\u015fvuru s\u0131ras\u0131na g\u00f6re \u00f6deme yap\u0131l\u0131r. Bu kredileri kullanacak \u00fcyelerden kefil istenir.\u201d<\/p>\n<p>\u201cab) \u00dcyenin \u00f6l\u00fcm\u00fc halinde, kanuni miras\u00e7\u0131lar\u0131na (y) ve (aa) bentlerinde belirtilen yard\u0131ma ilave olarak; 5 y\u0131la (60 aya) kadar aidat \u00f6demi\u015f ise en d\u00fc\u015f\u00fck normal kredi tutar\u0131nda, 5-10 y\u0131l (61-120&nbsp; ay) aras\u0131nda aidat \u00f6demi\u015f ise en d\u00fc\u015f\u00fck normal kredinin 2 kat\u0131 tutar\u0131nda, 10 y\u0131l (121 ay)\u2019 dan fazla aidat \u00f6demi\u015f ise en d\u00fc\u015f\u00fck normal kredinin 3 kat\u0131 tutar\u0131nda kar\u015f\u0131l\u0131ks\u0131z \u00f6l\u00fcm yard\u0131m\u0131 yap\u0131l\u0131r.\u201d<\/p>\n<p>Y\u00f6nerge de\u011fi\u015fikliklerinin ard\u0131ndan, Y\u00f6netim ve Denetim organlar\u0131n\u0131n se\u00e7imi ger\u00e7ekle\u015ftirilmi\u015ftir.<\/p>\n<p>Mevcut DEMOKSAN Ba\u015fkan\u0131 Talip \u00dcNAL ve ekibinin olu\u015fturdu\u011fu tek listenin aday olmas\u0131 dolay\u0131s\u0131yla a\u00e7\u0131k oylama yap\u0131lmas\u0131 genel kurulca kabul edilmi\u015f ve yeni organlar oybirli\u011fi ile se\u00e7ilmi\u015ftir.<\/p>\n<p>Demoksan Ba\u015fkanl\u0131\u011f\u0131na tekrar se\u00e7ilen Talip \u00dcNAL te\u015fekk\u00fcr konu\u015fmas\u0131n\u0131n ard\u0131ndan, G\u00fcndem maddeleri tamamland\u0131\u011f\u0131ndan Divan Ba\u015fkan\u0131nca vakit ay\u0131rarak bu tatil g\u00fcn\u00fcnde Genel Kurula gelerek Sand\u0131\u011fa sahip \u00e7\u0131kan t\u00fcm kat\u0131l\u0131mc\u0131lara te\u015fekk\u00fcr edilerek, DEMOKSAN 13. Ola\u011fan Genel Kurul toplant\u0131s\u0131 sona ermi\u015ftir.<img loading=\"lazy\" decoding=\"async\" class=\"alignnone size-medium wp-image-5681\" src=\"https:\/\/www.demok.org\/wp-content\/uploads\/2020\/03\/yonetindenetim11-292x300.png\" alt=\"\" width=\"292\" height=\"300\"><\/p>\n","protected":false},"excerpt":{"rendered":"<p>Demiryol Meslek Okulu Mezunlar\u0131 Derne\u011fi Yard\u0131mla\u015fma Sand\u0131\u011f\u0131\u2019n\u0131n 13.Ola\u011fan Genel Kurulu 21.10.2017 tarihinde The Ankara Hotel\u2019 de ger\u00e7ekle\u015ftirildi. Divan Ba\u015fkanl\u0131\u011f\u0131n\u0131 \u015eaban<\/p>\n","protected":false},"author":2,"featured_media":5682,"comment_status":"open","ping_status":"open","sticky":false,"template":"","format":"standard","meta":{"_eb_attr":"","ngg_post_thumbnail":0,"footnotes":""},"categories":[43],"tags":[],"class_list":["post-5680","post","type-post","status-publish","format-standard","has-post-thumbnail","hentry","category-demoksan"],"magazineBlocksPostFeaturedMedia":{"thumbnail":"https:\/\/demok.org\/wp-content\/uploads\/2020\/03\/2_DEMOKSAN-150x150.jpg","medium":"https:\/\/demok.org\/wp-content\/uploads\/2020\/03\/2_DEMOKSAN-300x200.jpg","medium_large":"https:\/\/demok.org\/wp-content\/uploads\/2020\/03\/2_DEMOKSAN.jpg","large":"https:\/\/demok.org\/wp-content\/uploads\/2020\/03\/2_DEMOKSAN.jpg","1536x1536":"https:\/\/demok.org\/wp-content\/uploads\/2020\/03\/2_DEMOKSAN.jpg","2048x2048":"https:\/\/demok.org\/wp-content\/uploads\/2020\/03\/2_DEMOKSAN.jpg","colormag-highlighted-post":"https:\/\/demok.org\/wp-content\/uploads\/2020\/03\/2_DEMOKSAN-392x272.jpg","colormag-featured-post-medium":"https:\/\/demok.org\/wp-content\/uploads\/2020\/03\/2_DEMOKSAN-390x205.jpg","colormag-featured-post-small":"https:\/\/demok.org\/wp-content\/uploads\/2020\/03\/2_DEMOKSAN-130x90.jpg","colormag-featured-image":"https:\/\/demok.org\/wp-content\/uploads\/2020\/03\/2_DEMOKSAN.jpg","colormag-default-news":"https:\/\/demok.org\/wp-content\/uploads\/2020\/03\/2_DEMOKSAN-150x150.jpg","colormag-featured-image-large":"https:\/\/demok.org\/wp-content\/uploads\/2020\/03\/2_DEMOKSAN.jpg"},"magazineBlocksPostAuthor":{"name":"emrekurt","avatar":"https:\/\/secure.gravatar.com\/avatar\/b5d76b0c442a766da6f628967390b1610913af44d5d0de09c7789d44b6213d59?s=96&d=mm&r=g"},"magazineBlocksPostCommentsNumber":"0","magazineBlocksPostExcerpt":"Demiryol Meslek Okulu Mezunlar\u0131 Derne\u011fi Yard\u0131mla\u015fma Sand\u0131\u011f\u0131\u2019n\u0131n 13.Ola\u011fan Genel Kurulu 21.10.2017 tarihinde The Ankara Hotel\u2019 de ger\u00e7ekle\u015ftirildi. Divan Ba\u015fkanl\u0131\u011f\u0131n\u0131 \u015eaban","magazineBlocksPostCategories":["Demoksan"],"magazineBlocksPostViewCount":124,"magazineBlocksPostReadTime":4,"magazine_blocks_featured_image_url":{"full":["https:\/\/demok.org\/wp-content\/uploads\/2020\/03\/2_DEMOKSAN.jpg",600,399,false],"medium":["https:\/\/demok.org\/wp-content\/uploads\/2020\/03\/2_DEMOKSAN-300x200.jpg",300,200,true],"thumbnail":["https:\/\/demok.org\/wp-content\/uploads\/2020\/03\/2_DEMOKSAN-150x150.jpg",150,150,true]},"magazine_blocks_author":{"display_name":"emrekurt","author_link":"https:\/\/demok.org\/index.php\/author\/emrekurt\/"},"magazine_blocks_comment":0,"magazine_blocks_author_image":"https:\/\/secure.gravatar.com\/avatar\/b5d76b0c442a766da6f628967390b1610913af44d5d0de09c7789d44b6213d59?s=96&d=mm&r=g","magazine_blocks_category":"<a href=\"#\" class=\"category-link category-link-43\">Demoksan<\/a>","_links":{"self":[{"href":"https:\/\/demok.org\/index.php\/wp-json\/wp\/v2\/posts\/5680","targetHints":{"allow":["GET"]}}],"collection":[{"href":"https:\/\/demok.org\/index.php\/wp-json\/wp\/v2\/posts"}],"about":[{"href":"https:\/\/demok.org\/index.php\/wp-json\/wp\/v2\/types\/post"}],"author":[{"embeddable":true,"href":"https:\/\/demok.org\/index.php\/wp-json\/wp\/v2\/users\/2"}],"replies":[{"embeddable":true,"href":"https:\/\/demok.org\/index.php\/wp-json\/wp\/v2\/comments?post=5680"}],"version-history":[{"count":0,"href":"https:\/\/demok.org\/index.php\/wp-json\/wp\/v2\/posts\/5680\/revisions"}],"wp:featuredmedia":[{"embeddable":true,"href":"https:\/\/demok.org\/index.php\/wp-json\/wp\/v2\/media\/5682"}],"wp:attachment":[{"href":"https:\/\/demok.org\/index.php\/wp-json\/wp\/v2\/media?parent=5680"}],"wp:term":[{"taxonomy":"category","embeddable":true,"href":"https:\/\/demok.org\/index.php\/wp-json\/wp\/v2\/categories?post=5680"},{"taxonomy":"post_tag","embeddable":true,"href":"https:\/\/demok.org\/index.php\/wp-json\/wp\/v2\/tags?post=5680"}],"curies":[{"name":"wp","href":"https:\/\/api.w.org\/{rel}","templated":true}]}}