{"id":7969,"date":"2025-02-12T14:34:51","date_gmt":"2025-02-12T11:34:51","guid":{"rendered":"http:\/\/localhost\/?p=7969"},"modified":"2025-03-08T19:42:12","modified_gmt":"2025-03-08T16:42:12","slug":"iyiligin-rengini-turuncu-yaptik-losev-ile-mandalina-hasadimiz","status":"publish","type":"post","link":"https:\/\/demok.org\/index.php\/2025\/02\/12\/iyiligin-rengini-turuncu-yaptik-losev-ile-mandalina-hasadimiz\/","title":{"rendered":"\u0130ZM\u0130R&#8217;DE L\u00d6SEV \u0130LE  \u0130Y\u0130L\u0130KTE BULU\u015eTUK"},"content":{"rendered":"\n<p>Bug\u00fcn rengimiz turuncuydu\u2026<br>\u0130zmir \u015eubemiz, iyili\u011fin g\u00fcc\u00fcn\u00fc arkas\u0131na alarak bizleri bir araya getirdi. L\u00d6SEV\u2019in Seferihisar Do\u011fal Ya\u015fam \u00c7iftli\u011fi\u2019nde, binlerce l\u00f6semili \u00e7ocu\u011fa umut olan mandalinalar\u0131 toplarken, biz de o umudun bir par\u00e7as\u0131 olduk. Tad\u0131na bakt\u0131\u011f\u0131m\u0131z her mandalina, d\u00fcnyadaki en lezzetli meyve gibiydi, sadece do\u011fal olmas\u0131 de\u011fildi onlar\u0131 lezzetli k\u0131lan, her birine iyilik ve umut i\u015flenmi\u015fti \u00e7\u00fcnk\u00fc. Y\u00fczlerimizdeki tebess\u00fcm hi\u00e7 olmad\u0131\u011f\u0131 kadar ger\u00e7ekti ve bir g\u00fcn\u00fcm\u00fcz\u00fc iyili\u011fe ay\u0131rarak DEMOK\u2019lu olman\u0131n onurunu bir kez daha ya\u015fad\u0131k.<\/p>\n\n\n\n<p>Bu anlaml\u0131 g\u00fcn\u00fc bizlere ya\u015fatan ve m\u00fckemmel ev sahipli\u011fi ile bizleri a\u011f\u0131rlayan ba\u015fta \u0130zmir \u015eube Ba\u015fkan\u0131m\u0131z O\u011fuzhan KOCAO\u011eLU ve y\u00f6netimi olmak \u00fczere, L\u00d6SEV\u2019in \u0130zmir\u2019deki g\u00f6n\u00fcll\u00fc ve g\u00f6revlilerine, onursal \u00fcyemiz ve L\u00d6SEV g\u00f6n\u00fcll\u00fcs\u00fc Elif YA\u011eMURDERE Han\u0131mefendi\u2019ye, Seferihisar ya\u015fam \u00e7iftli\u011finde bizleri a\u011f\u0131rlayarak i\u00e7ten sunumlar\u0131yla bizleri bilin\u00e7lendiren Hasret Han\u0131m ve di\u011fer t\u00fcm L\u00d6SEV \u00e7al\u0131\u015fanlar\u0131na sonsuz te\u015fekk\u00fcrlerimizi sunar\u0131z. \u0130yili\u011fin etraf\u0131nda yeniden bulu\u015fabilmek dile\u011fiyle\u2026<br>DEMOK\u2019lu olman\u0131n ayr\u0131cal\u0131\u011f\u0131n\u0131 bir kez daha kalbimizde hissediyoruz.<\/p>\n\n\n\n<p><\/p>\n","protected":false},"excerpt":{"rendered":"<p>Bug\u00fcn rengimiz turuncuydu\u2026\u0130zmir \u015eubemiz, iyili\u011fin g\u00fcc\u00fcn\u00fc arkas\u0131na alarak bizleri bir araya getirdi. L\u00d6SEV\u2019in Seferihisar Do\u011fal Ya\u015fam \u00c7iftli\u011fi\u2019nde, binlerce l\u00f6semili \u00e7ocu\u011fa<\/p>\n","protected":false},"author":1,"featured_media":7970,"comment_status":"open","ping_status":"open","sticky":false,"template":"","format":"standard","meta":{"_eb_attr":"","ngg_post_thumbnail":0,"footnotes":""},"categories":[35,30],"tags":[],"class_list":["post-7969","post","type-post","status-publish","format-standard","has-post-thumbnail","hentry","category-genelmerkez","category-haberler"],"magazineBlocksPostFeaturedMedia":{"thumbnail":"https:\/\/demok.org\/wp-content\/uploads\/2025\/02\/WhatsApp-Image-2025-02-11-at-23.28.42-150x150.jpeg","medium":"https:\/\/demok.org\/wp-content\/uploads\/2025\/02\/WhatsApp-Image-2025-02-11-at-23.28.42-300x225.jpeg","medium_large":"https:\/\/demok.org\/wp-content\/uploads\/2025\/02\/WhatsApp-Image-2025-02-11-at-23.28.42-768x576.jpeg","large":"https:\/\/demok.org\/wp-content\/uploads\/2025\/02\/WhatsApp-Image-2025-02-11-at-23.28.42-1024x768.jpeg","1536x1536":"https:\/\/demok.org\/wp-content\/uploads\/2025\/02\/WhatsApp-Image-2025-02-11-at-23.28.42-1536x1152.jpeg","2048x2048":"https:\/\/demok.org\/wp-content\/uploads\/2025\/02\/WhatsApp-Image-2025-02-11-at-23.28.42.jpeg","colormag-highlighted-post":"https:\/\/demok.org\/wp-content\/uploads\/2025\/02\/WhatsApp-Image-2025-02-11-at-23.28.42-392x272.jpeg","colormag-featured-post-medium":"https:\/\/demok.org\/wp-content\/uploads\/2025\/02\/WhatsApp-Image-2025-02-11-at-23.28.42-390x205.jpeg","colormag-featured-post-small":"https:\/\/demok.org\/wp-content\/uploads\/2025\/02\/WhatsApp-Image-2025-02-11-at-23.28.42-130x90.jpeg","colormag-featured-image":"https:\/\/demok.org\/wp-content\/uploads\/2025\/02\/WhatsApp-Image-2025-02-11-at-23.28.42-800x445.jpeg","colormag-default-news":"https:\/\/demok.org\/wp-content\/uploads\/2025\/02\/WhatsApp-Image-2025-02-11-at-23.28.42-150x150.jpeg","colormag-featured-image-large":"https:\/\/demok.org\/wp-content\/uploads\/2025\/02\/WhatsApp-Image-2025-02-11-at-23.28.42-1400x600.jpeg"},"magazineBlocksPostAuthor":{"name":"demok","avatar":"https:\/\/secure.gravatar.com\/avatar\/9f5c36aa8f440a3b593bef073cd3c8619a928af11a5dceba8432cca86a80dd3a?s=96&d=mm&r=g"},"magazineBlocksPostCommentsNumber":"0","magazineBlocksPostExcerpt":"Bug\u00fcn rengimiz turuncuydu\u2026\u0130zmir \u015eubemiz, iyili\u011fin g\u00fcc\u00fcn\u00fc arkas\u0131na alarak bizleri bir araya getirdi. L\u00d6SEV\u2019in Seferihisar Do\u011fal Ya\u015fam \u00c7iftli\u011fi\u2019nde, binlerce l\u00f6semili \u00e7ocu\u011fa","magazineBlocksPostCategories":["Genel Merkez","Haberler"],"magazineBlocksPostViewCount":109,"magazineBlocksPostReadTime":2,"magazine_blocks_featured_image_url":{"full":["https:\/\/demok.org\/wp-content\/uploads\/2025\/02\/WhatsApp-Image-2025-02-11-at-23.28.42.jpeg",1600,1200,false],"medium":["https:\/\/demok.org\/wp-content\/uploads\/2025\/02\/WhatsApp-Image-2025-02-11-at-23.28.42-300x225.jpeg",300,225,true],"thumbnail":["https:\/\/demok.org\/wp-content\/uploads\/2025\/02\/WhatsApp-Image-2025-02-11-at-23.28.42-150x150.jpeg",150,150,true]},"magazine_blocks_author":{"display_name":"demok","author_link":"https:\/\/demok.org\/index.php\/author\/demok\/"},"magazine_blocks_comment":0,"magazine_blocks_author_image":"https:\/\/secure.gravatar.com\/avatar\/9f5c36aa8f440a3b593bef073cd3c8619a928af11a5dceba8432cca86a80dd3a?s=96&d=mm&r=g","magazine_blocks_category":"<a href=\"#\" class=\"category-link category-link-35\">Genel Merkez<\/a> <a href=\"#\" class=\"category-link category-link-30\">Haberler<\/a>","_links":{"self":[{"href":"https:\/\/demok.org\/index.php\/wp-json\/wp\/v2\/posts\/7969","targetHints":{"allow":["GET"]}}],"collection":[{"href":"https:\/\/demok.org\/index.php\/wp-json\/wp\/v2\/posts"}],"about":[{"href":"https:\/\/demok.org\/index.php\/wp-json\/wp\/v2\/types\/post"}],"author":[{"embeddable":true,"href":"https:\/\/demok.org\/index.php\/wp-json\/wp\/v2\/users\/1"}],"replies":[{"embeddable":true,"href":"https:\/\/demok.org\/index.php\/wp-json\/wp\/v2\/comments?post=7969"}],"version-history":[{"count":7,"href":"https:\/\/demok.org\/index.php\/wp-json\/wp\/v2\/posts\/7969\/revisions"}],"predecessor-version":[{"id":8095,"href":"https:\/\/demok.org\/index.php\/wp-json\/wp\/v2\/posts\/7969\/revisions\/8095"}],"wp:featuredmedia":[{"embeddable":true,"href":"https:\/\/demok.org\/index.php\/wp-json\/wp\/v2\/media\/7970"}],"wp:attachment":[{"href":"https:\/\/demok.org\/index.php\/wp-json\/wp\/v2\/media?parent=7969"}],"wp:term":[{"taxonomy":"category","embeddable":true,"href":"https:\/\/demok.org\/index.php\/wp-json\/wp\/v2\/categories?post=7969"},{"taxonomy":"post_tag","embeddable":true,"href":"https:\/\/demok.org\/index.php\/wp-json\/wp\/v2\/tags?post=7969"}],"curies":[{"name":"wp","href":"https:\/\/api.w.org\/{rel}","templated":true}]}}