{"id":7974,"date":"2025-02-12T14:36:37","date_gmt":"2025-02-12T11:36:37","guid":{"rendered":"http:\/\/localhost\/?p=7974"},"modified":"2025-03-08T18:21:33","modified_gmt":"2025-03-08T15:21:33","slug":"tcdd-tasimacilik-as-sivas-bolge-mudur-yardimcisi-abdullah-terkesliye-tebrik-ziyareti","status":"publish","type":"post","link":"https:\/\/demok.org\/index.php\/2025\/02\/12\/tcdd-tasimacilik-as-sivas-bolge-mudur-yardimcisi-abdullah-terkesliye-tebrik-ziyareti\/","title":{"rendered":"TCDD Ta\u015f\u0131mac\u0131l\u0131k A\u015e Sivas B\u00f6lge M\u00fcd\u00fcr Yard\u0131mc\u0131s\u0131 Abdullah Terke\u015fli&#8217;ye Tebrik Ziyareti"},"content":{"rendered":"\n<p>TCDD Ta\u015f\u0131mac\u0131l\u0131k A\u015e Sivas B\u00f6lge m\u00fcd\u00fcr yard\u0131mc\u0131s\u0131 olarak atanan \u00fcyemiz 1995 Mezunu Abdullah TERKE\u015eL\u0130&#8217;yi Sivas \u015eube Ba\u015fkan\u0131m\u0131z \u00d6zg\u00fcr Ayten ile birlikte ziyaret ederek hay\u0131rl\u0131 olsun dileklerinde bulunduk. Mezumumuza yeni g\u00f6revlerinde ba\u015far\u0131lar\u0131n\u0131n devam\u0131n\u0131 dileriz.<\/p>\n\n\n\n<p><\/p>\n","protected":false},"excerpt":{"rendered":"<p>TCDD Ta\u015f\u0131mac\u0131l\u0131k A\u015e Sivas B\u00f6lge m\u00fcd\u00fcr yard\u0131mc\u0131s\u0131 olarak atanan \u00fcyemiz 1995 Mezunu Abdullah TERKE\u015eL\u0130&#8217;yi Sivas \u015eube Ba\u015fkan\u0131m\u0131z \u00d6zg\u00fcr Ayten ile<\/p>\n","protected":false},"author":1,"featured_media":7975,"comment_status":"open","ping_status":"open","sticky":false,"template":"","format":"standard","meta":{"_eb_attr":"","ngg_post_thumbnail":0,"footnotes":""},"categories":[35,30],"tags":[],"class_list":["post-7974","post","type-post","status-publish","format-standard","has-post-thumbnail","hentry","category-genelmerkez","category-haberler"],"magazineBlocksPostFeaturedMedia":{"thumbnail":"https:\/\/demok.org\/wp-content\/uploads\/2025\/02\/WhatsApp-Image-2025-02-11-at-23.35.00-150x150.jpeg","medium":"https:\/\/demok.org\/wp-content\/uploads\/2025\/02\/WhatsApp-Image-2025-02-11-at-23.35.00-300x225.jpeg","medium_large":"https:\/\/demok.org\/wp-content\/uploads\/2025\/02\/WhatsApp-Image-2025-02-11-at-23.35.00-768x576.jpeg","large":"https:\/\/demok.org\/wp-content\/uploads\/2025\/02\/WhatsApp-Image-2025-02-11-at-23.35.00-1024x768.jpeg","1536x1536":"https:\/\/demok.org\/wp-content\/uploads\/2025\/02\/WhatsApp-Image-2025-02-11-at-23.35.00-1536x1152.jpeg","2048x2048":"https:\/\/demok.org\/wp-content\/uploads\/2025\/02\/WhatsApp-Image-2025-02-11-at-23.35.00.jpeg","colormag-highlighted-post":"https:\/\/demok.org\/wp-content\/uploads\/2025\/02\/WhatsApp-Image-2025-02-11-at-23.35.00-392x272.jpeg","colormag-featured-post-medium":"https:\/\/demok.org\/wp-content\/uploads\/2025\/02\/WhatsApp-Image-2025-02-11-at-23.35.00-390x205.jpeg","colormag-featured-post-small":"https:\/\/demok.org\/wp-content\/uploads\/2025\/02\/WhatsApp-Image-2025-02-11-at-23.35.00-130x90.jpeg","colormag-featured-image":"https:\/\/demok.org\/wp-content\/uploads\/2025\/02\/WhatsApp-Image-2025-02-11-at-23.35.00-800x445.jpeg","colormag-default-news":"https:\/\/demok.org\/wp-content\/uploads\/2025\/02\/WhatsApp-Image-2025-02-11-at-23.35.00-150x150.jpeg","colormag-featured-image-large":"https:\/\/demok.org\/wp-content\/uploads\/2025\/02\/WhatsApp-Image-2025-02-11-at-23.35.00-1400x600.jpeg"},"magazineBlocksPostAuthor":{"name":"demok","avatar":"https:\/\/secure.gravatar.com\/avatar\/9f5c36aa8f440a3b593bef073cd3c8619a928af11a5dceba8432cca86a80dd3a?s=96&d=mm&r=g"},"magazineBlocksPostCommentsNumber":"0","magazineBlocksPostExcerpt":"TCDD Ta\u015f\u0131mac\u0131l\u0131k A\u015e Sivas B\u00f6lge m\u00fcd\u00fcr yard\u0131mc\u0131s\u0131 olarak atanan \u00fcyemiz 1995 Mezunu Abdullah TERKE\u015eL\u0130&#8217;yi Sivas \u015eube Ba\u015fkan\u0131m\u0131z \u00d6zg\u00fcr Ayten ile","magazineBlocksPostCategories":["Genel Merkez","Haberler"],"magazineBlocksPostViewCount":112,"magazineBlocksPostReadTime":1,"magazine_blocks_featured_image_url":{"full":["https:\/\/demok.org\/wp-content\/uploads\/2025\/02\/WhatsApp-Image-2025-02-11-at-23.35.00.jpeg",1600,1200,false],"medium":["https:\/\/demok.org\/wp-content\/uploads\/2025\/02\/WhatsApp-Image-2025-02-11-at-23.35.00-300x225.jpeg",300,225,true],"thumbnail":["https:\/\/demok.org\/wp-content\/uploads\/2025\/02\/WhatsApp-Image-2025-02-11-at-23.35.00-150x150.jpeg",150,150,true]},"magazine_blocks_author":{"display_name":"demok","author_link":"https:\/\/demok.org\/index.php\/author\/demok\/"},"magazine_blocks_comment":0,"magazine_blocks_author_image":"https:\/\/secure.gravatar.com\/avatar\/9f5c36aa8f440a3b593bef073cd3c8619a928af11a5dceba8432cca86a80dd3a?s=96&d=mm&r=g","magazine_blocks_category":"<a href=\"#\" class=\"category-link category-link-35\">Genel Merkez<\/a> <a href=\"#\" class=\"category-link category-link-30\">Haberler<\/a>","_links":{"self":[{"href":"https:\/\/demok.org\/index.php\/wp-json\/wp\/v2\/posts\/7974","targetHints":{"allow":["GET"]}}],"collection":[{"href":"https:\/\/demok.org\/index.php\/wp-json\/wp\/v2\/posts"}],"about":[{"href":"https:\/\/demok.org\/index.php\/wp-json\/wp\/v2\/types\/post"}],"author":[{"embeddable":true,"href":"https:\/\/demok.org\/index.php\/wp-json\/wp\/v2\/users\/1"}],"replies":[{"embeddable":true,"href":"https:\/\/demok.org\/index.php\/wp-json\/wp\/v2\/comments?post=7974"}],"version-history":[{"count":2,"href":"https:\/\/demok.org\/index.php\/wp-json\/wp\/v2\/posts\/7974\/revisions"}],"predecessor-version":[{"id":8069,"href":"https:\/\/demok.org\/index.php\/wp-json\/wp\/v2\/posts\/7974\/revisions\/8069"}],"wp:featuredmedia":[{"embeddable":true,"href":"https:\/\/demok.org\/index.php\/wp-json\/wp\/v2\/media\/7975"}],"wp:attachment":[{"href":"https:\/\/demok.org\/index.php\/wp-json\/wp\/v2\/media?parent=7974"}],"wp:term":[{"taxonomy":"category","embeddable":true,"href":"https:\/\/demok.org\/index.php\/wp-json\/wp\/v2\/categories?post=7974"},{"taxonomy":"post_tag","embeddable":true,"href":"https:\/\/demok.org\/index.php\/wp-json\/wp\/v2\/tags?post=7974"}],"curies":[{"name":"wp","href":"https:\/\/api.w.org\/{rel}","templated":true}]}}