{"id":8167,"date":"2025-03-23T14:22:06","date_gmt":"2025-03-23T11:22:06","guid":{"rendered":"https:\/\/demok.org\/?p=8167"},"modified":"2025-03-23T14:22:08","modified_gmt":"2025-03-23T11:22:08","slug":"geleneksel-akcay-bulusmasi","status":"publish","type":"post","link":"https:\/\/demok.org\/index.php\/2025\/03\/23\/geleneksel-akcay-bulusmasi\/","title":{"rendered":"Geleneksel Ak\u00e7ay Bulu\u015fmas\u0131"},"content":{"rendered":"\n<p>De\u011ferli \u00dcyelerimiz Geleneksel Ak\u00e7ay Bulu\u015fmam\u0131z 25-31 May\u0131s 2025 tarihleri aras\u0131nda ger\u00e7ekle\u015fecektir. Etkinlik kapsam\u0131nda 30 May\u0131s Cuma Ak\u015fam\u0131 1965 Mezunlar\u0131m\u0131z i\u00e7in Mezuniyette 60. y\u0131l ve 1985 Mezunlar\u0131m\u0131z i\u00e7in Mezuniyette 40. y\u0131l plaket takdim t\u00f6reni, akabinde Geleneksel Ak\u00e7ay gecemiz olacakt\u0131r. Program\u0131m\u0131z 25 May\u0131s Pazar g\u00fcn\u00fc Ak\u015fam yeme\u011fi ile ba\u015flay\u0131p, 31 May\u0131s Cumartesi g\u00fcn\u00fc kahvalt\u0131 ile son bulacakt\u0131r. Etkinli\u011fimizde 6 g\u00fcnl\u00fck konaklamalara \u00f6ncelik verilecek olup.<br>Ayr\u0131nt\u0131l\u0131 bilgi ve rezervasyon i\u00e7in:<br>05057973584<\/p>\n","protected":false},"excerpt":{"rendered":"<p>De\u011ferli \u00dcyelerimiz Geleneksel Ak\u00e7ay Bulu\u015fmam\u0131z 25-31 May\u0131s 2025 tarihleri aras\u0131nda ger\u00e7ekle\u015fecektir. Etkinlik kapsam\u0131nda 30 May\u0131s Cuma Ak\u015fam\u0131 1965 Mezunlar\u0131m\u0131z i\u00e7in<\/p>\n","protected":false},"author":7,"featured_media":8168,"comment_status":"open","ping_status":"open","sticky":false,"template":"","format":"standard","meta":{"_eb_attr":"","ngg_post_thumbnail":0,"footnotes":""},"categories":[41,35,30],"tags":[],"class_list":["post-8167","post","type-post","status-publish","format-standard","has-post-thumbnail","hentry","category-duyurlar","category-genelmerkez","category-haberler"],"magazineBlocksPostFeaturedMedia":{"thumbnail":"https:\/\/demok.org\/wp-content\/uploads\/2025\/03\/demokafis-150x150.jpg","medium":"https:\/\/demok.org\/wp-content\/uploads\/2025\/03\/demokafis-300x225.jpg","medium_large":"https:\/\/demok.org\/wp-content\/uploads\/2025\/03\/demokafis-768x576.jpg","large":"https:\/\/demok.org\/wp-content\/uploads\/2025\/03\/demokafis.jpg","1536x1536":"https:\/\/demok.org\/wp-content\/uploads\/2025\/03\/demokafis.jpg","2048x2048":"https:\/\/demok.org\/wp-content\/uploads\/2025\/03\/demokafis.jpg","colormag-highlighted-post":"https:\/\/demok.org\/wp-content\/uploads\/2025\/03\/demokafis-392x272.jpg","colormag-featured-post-medium":"https:\/\/demok.org\/wp-content\/uploads\/2025\/03\/demokafis-390x205.jpg","colormag-featured-post-small":"https:\/\/demok.org\/wp-content\/uploads\/2025\/03\/demokafis-130x90.jpg","colormag-featured-image":"https:\/\/demok.org\/wp-content\/uploads\/2025\/03\/demokafis-800x445.jpg","colormag-default-news":"https:\/\/demok.org\/wp-content\/uploads\/2025\/03\/demokafis-150x150.jpg","colormag-featured-image-large":"https:\/\/demok.org\/wp-content\/uploads\/2025\/03\/demokafis-1024x600.jpg"},"magazineBlocksPostAuthor":{"name":"Demok","avatar":"https:\/\/secure.gravatar.com\/avatar\/d4b7054395181e4d6b3096c6b6539d3ec0f699eb3af215578a3685ea58298938?s=96&d=mm&r=g"},"magazineBlocksPostCommentsNumber":"0","magazineBlocksPostExcerpt":"De\u011ferli \u00dcyelerimiz Geleneksel Ak\u00e7ay Bulu\u015fmam\u0131z 25-31 May\u0131s 2025 tarihleri aras\u0131nda ger\u00e7ekle\u015fecektir. Etkinlik kapsam\u0131nda 30 May\u0131s Cuma Ak\u015fam\u0131 1965 Mezunlar\u0131m\u0131z i\u00e7in","magazineBlocksPostCategories":["Duyurular","Genel Merkez","Haberler"],"magazineBlocksPostViewCount":122,"magazineBlocksPostReadTime":1,"magazine_blocks_featured_image_url":{"full":["https:\/\/demok.org\/wp-content\/uploads\/2025\/03\/demokafis.jpg",1024,768,false],"medium":["https:\/\/demok.org\/wp-content\/uploads\/2025\/03\/demokafis-300x225.jpg",300,225,true],"thumbnail":["https:\/\/demok.org\/wp-content\/uploads\/2025\/03\/demokafis-150x150.jpg",150,150,true]},"magazine_blocks_author":{"display_name":"Demok","author_link":"https:\/\/demok.org\/index.php\/author\/abdullahyildirim\/"},"magazine_blocks_comment":0,"magazine_blocks_author_image":"https:\/\/secure.gravatar.com\/avatar\/d4b7054395181e4d6b3096c6b6539d3ec0f699eb3af215578a3685ea58298938?s=96&d=mm&r=g","magazine_blocks_category":"<a href=\"#\" class=\"category-link category-link-41\">Duyurular<\/a> <a href=\"#\" class=\"category-link category-link-35\">Genel Merkez<\/a> <a href=\"#\" class=\"category-link category-link-30\">Haberler<\/a>","_links":{"self":[{"href":"https:\/\/demok.org\/index.php\/wp-json\/wp\/v2\/posts\/8167","targetHints":{"allow":["GET"]}}],"collection":[{"href":"https:\/\/demok.org\/index.php\/wp-json\/wp\/v2\/posts"}],"about":[{"href":"https:\/\/demok.org\/index.php\/wp-json\/wp\/v2\/types\/post"}],"author":[{"embeddable":true,"href":"https:\/\/demok.org\/index.php\/wp-json\/wp\/v2\/users\/7"}],"replies":[{"embeddable":true,"href":"https:\/\/demok.org\/index.php\/wp-json\/wp\/v2\/comments?post=8167"}],"version-history":[{"count":1,"href":"https:\/\/demok.org\/index.php\/wp-json\/wp\/v2\/posts\/8167\/revisions"}],"predecessor-version":[{"id":8169,"href":"https:\/\/demok.org\/index.php\/wp-json\/wp\/v2\/posts\/8167\/revisions\/8169"}],"wp:featuredmedia":[{"embeddable":true,"href":"https:\/\/demok.org\/index.php\/wp-json\/wp\/v2\/media\/8168"}],"wp:attachment":[{"href":"https:\/\/demok.org\/index.php\/wp-json\/wp\/v2\/media?parent=8167"}],"wp:term":[{"taxonomy":"category","embeddable":true,"href":"https:\/\/demok.org\/index.php\/wp-json\/wp\/v2\/categories?post=8167"},{"taxonomy":"post_tag","embeddable":true,"href":"https:\/\/demok.org\/index.php\/wp-json\/wp\/v2\/tags?post=8167"}],"curies":[{"name":"wp","href":"https:\/\/api.w.org\/{rel}","templated":true}]}}